{"id":1,"date":"2014-02-07T01:03:23","date_gmt":"2014-02-07T00:03:23","guid":{"rendered":"http:\/\/dzika-zagroda.pl\/?p=1"},"modified":"2014-05-21T16:43:41","modified_gmt":"2014-05-21T14:43:41","slug":"witaj-swiecie","status":"publish","type":"post","link":"http:\/\/dzika-zagroda.pl\/?p=1","title":{"rendered":"Otwarcie zagrody"},"content":{"rendered":"<p><!--:PL-->Przewidujemy, \u017ce pierwsze \u017cubry przyjad\u0105 do nas pod koniec marca. Zako\u0144czenie wszystkich rob\u00f3t i oficjalne otwarcie przewidywane jest na maj br. Jednak ju\u017c na pocz\u0105tku maja chcieliby\u015bmy zorganizowa\u0107\u00a0 &#8222;Dni Otwarte Dzikiej Zagrody &#8211; b\u0105d\u017a pierwszy i zobacz jeszcze przed oficjalnym otwarciem&#8221; w zagrodzie w ramach obchod\u00f3w 10-lecia wej\u015bcia Polski do Unii Europejskiej. Pe\u0142na wersja strony www.dzika-zagroda.pl wystartuje w najbli\u017cszym czasie. Mamy nadziej\u0119, \u017ce spodoba Wam si\u0119 nasza dzia\u0142alno\u015b\u0107 \ud83d\ude42<\/p>\n<p><img decoding=\"async\" title=\"gallery ids=&quot;67,68,69&quot;\" alt=\"\" src=\"http:\/\/dzika-zagroda.pl\/wp-includes\/js\/tinymce\/plugins\/wpgallery\/img\/t.gif\" \/><img decoding=\"async\" title=\"gallery ids=&quot;67,68,69&quot;\" alt=\"\" src=\"http:\/\/dzika-zagroda.pl\/wp-includes\/js\/tinymce\/plugins\/wpgallery\/img\/t.gif\" \/>\n\t\t<style type=\"text\/css\">\n\t\t\t#gallery-1 {\n\t\t\t\tmargin: auto;\n\t\t\t}\n\t\t\t#gallery-1 .gallery-item {\n\t\t\t\tfloat: left;\n\t\t\t\tmargin-top: 10px;\n\t\t\t\ttext-align: center;\n\t\t\t\twidth: 33%;\n\t\t\t}\n\t\t\t#gallery-1 img {\n\t\t\t\tborder: 2px solid #cfcfcf;\n\t\t\t}\n\t\t\t#gallery-1 .gallery-caption {\n\t\t\t\tmargin-left: 0;\n\t\t\t}\n\t\t\t\/* see gallery_shortcode() in wp-includes\/media.php *\/\n\t\t<\/style>\n\t\t<div id='gallery-1' class='gallery galleryid-1 gallery-columns-3 gallery-size-thumbnail'><dl class='gallery-item'>\n\t\t\t<dt class='gallery-icon landscape'>\n\t\t\t\t<a href=\"http:\/\/dzika-zagroda.pl\/?attachment_id=67\" data-slb-group=\"1\" data-slb-active=\"1\" data-slb-internal=\"67\"><img width=\"210\" height=\"170\" src=\"http:\/\/dzika-zagroda.pl\/wp-content\/uploads\/2014\/02\/zag0003-210x170.jpg\" class=\"attachment-thumbnail size-thumbnail\" alt=\"\" decoding=\"async\" loading=\"lazy\" aria-describedby=\"gallery-1-67\" \/><\/a>\n\t\t\t<\/dt>\n\t\t\t\t<dd class='wp-caption-text gallery-caption' id='gallery-1-67'>\n\t\t\t\tGanek paszowy i galeria widokowa\n\t\t\t\t<\/dd><\/dl><dl class='gallery-item'>\n\t\t\t<dt class='gallery-icon landscape'>\n\t\t\t\t<a href=\"http:\/\/dzika-zagroda.pl\/?attachment_id=69\" data-slb-group=\"1\" data-slb-active=\"1\" data-slb-internal=\"69\"><img width=\"210\" height=\"170\" src=\"http:\/\/dzika-zagroda.pl\/wp-content\/uploads\/2014\/02\/zag0001-210x170.jpg\" class=\"attachment-thumbnail size-thumbnail\" alt=\"\" decoding=\"async\" loading=\"lazy\" aria-describedby=\"gallery-1-69\" \/><\/a>\n\t\t\t<\/dt>\n\t\t\t\t<dd class='wp-caption-text gallery-caption' id='gallery-1-69'>\n\t\t\t\tDomek socjalno-mieszkalny\n\t\t\t\t<\/dd><\/dl><dl class='gallery-item'>\n\t\t\t<dt class='gallery-icon landscape'>\n\t\t\t\t<a href=\"http:\/\/dzika-zagroda.pl\/?attachment_id=68\" data-slb-group=\"1\" data-slb-active=\"1\" data-slb-internal=\"68\"><img width=\"210\" height=\"170\" src=\"http:\/\/dzika-zagroda.pl\/wp-content\/uploads\/2014\/02\/zag0002-210x170.jpg\" class=\"attachment-thumbnail size-thumbnail\" alt=\"\" decoding=\"async\" loading=\"lazy\" aria-describedby=\"gallery-1-68\" \/><\/a>\n\t\t\t<\/dt>\n\t\t\t\t<dd class='wp-caption-text gallery-caption' id='gallery-1-68'>\n\t\t\t\tG\u0142\u00f3wne wej\u015bcie do zagrody\n\t\t\t\t<\/dd><\/dl><br style=\"clear: both\" \/>\n\t\t<\/div>\n<!--:--><\/p>\n","protected":false},"excerpt":{"rendered":"<p>Przewidujemy, \u017ce pierwsze \u017cubry przyjad\u0105 do nas pod koniec marca. Zako\u0144czenie wszystkich rob\u00f3t i oficjalne otwarcie przewidywane jest na maj br. Jednak ju\u017c na pocz\u0105tku maja chcieliby\u015bmy zorganizowa\u0107\u00a0 &#8222;Dni Otwarte Dzikiej Zagrody &#8211; b\u0105d\u017a pierwszy i zobacz jeszcze przed oficjalnym otwarciem&#8221; w zagrodzie w ramach obchod\u00f3w 10-lecia wej\u015bcia Polski do Unii Europejskiej. Pe\u0142na wersja strony [&hellip;]<\/p>\n","protected":false},"author":1,"featured_media":0,"comment_status":"open","ping_status":"open","sticky":false,"template":"","format":"standard","meta":[],"categories":[1],"tags":[],"_links":{"self":[{"href":"http:\/\/dzika-zagroda.pl\/index.php?rest_route=\/wp\/v2\/posts\/1"}],"collection":[{"href":"http:\/\/dzika-zagroda.pl\/index.php?rest_route=\/wp\/v2\/posts"}],"about":[{"href":"http:\/\/dzika-zagroda.pl\/index.php?rest_route=\/wp\/v2\/types\/post"}],"author":[{"embeddable":true,"href":"http:\/\/dzika-zagroda.pl\/index.php?rest_route=\/wp\/v2\/users\/1"}],"replies":[{"embeddable":true,"href":"http:\/\/dzika-zagroda.pl\/index.php?rest_route=%2Fwp%2Fv2%2Fcomments&post=1"}],"version-history":[{"count":4,"href":"http:\/\/dzika-zagroda.pl\/index.php?rest_route=\/wp\/v2\/posts\/1\/revisions"}],"predecessor-version":[{"id":121,"href":"http:\/\/dzika-zagroda.pl\/index.php?rest_route=\/wp\/v2\/posts\/1\/revisions\/121"}],"wp:attachment":[{"href":"http:\/\/dzika-zagroda.pl\/index.php?rest_route=%2Fwp%2Fv2%2Fmedia&parent=1"}],"wp:term":[{"taxonomy":"category","embeddable":true,"href":"http:\/\/dzika-zagroda.pl\/index.php?rest_route=%2Fwp%2Fv2%2Fcategories&post=1"},{"taxonomy":"post_tag","embeddable":true,"href":"http:\/\/dzika-zagroda.pl\/index.php?rest_route=%2Fwp%2Fv2%2Ftags&post=1"}],"curies":[{"name":"wp","href":"https:\/\/api.w.org\/{rel}","templated":true}]}}