{"id":270,"date":"2014-07-24T16:29:13","date_gmt":"2014-07-24T14:29:13","guid":{"rendered":"http:\/\/dzika-zagroda.pl\/?p=270"},"modified":"2014-07-24T16:29:13","modified_gmt":"2014-07-24T14:29:13","slug":"byk-w-stadzie-na-poligonie-drawskim","status":"publish","type":"post","link":"http:\/\/dzika-zagroda.pl\/?p=270","title":{"rendered":"Byk w stadzie na Poligonie Drawskim"},"content":{"rendered":"<p>W wolnym stadzie \u017cubr\u00f3w bytuj\u0105cym na terenie Poligonu Drawskiego pojawi\u0142 si\u0119 byk stadny, kt\u00f3rego zwabi\u0142a ruja \u017cubrzyc. Byk ten o imieniu\u00a0Pierwszy przyjecha\u0142\u00a0 w 2008 roku do zagrody aklimatyzacyjnej w Dobrzanach w wieku 3,5 lat. W tej chwili liczy sobie ju\u017c 9,5 roku i wa\u017cy oko\u0142o 850 kg. Byk ten od samego pocz\u0105tku jest bykiem stadnym, co oznacza, \u017ce w tej chwili kryje ju\u017c swoje wnuczki. Przez ostanie 3 kwarta\u0142y \u017caden z opiekun\u00f3w nie widzia\u0142 go. Okaza\u0142o si\u0119, \u017ce\u00a0 Pierwszy przemierza\u0142 Draw\u0119 betonowymi mostami w Borowie i nad Z\u0142ym \u0141\u0119giem. Kolejn\u0105 ciekawostk\u0105 z \u017cubrzego \u017cycia jest fakt, \u017ce rewir Pierwszego pokrywa si\u0119 z rewirem Patryka &#8211; byka widywanego w okolicach Po\u017arzad\u0142a. Oznacza to, \u017ce byki najprawdopodobniej wiedz\u0105 o swoim istnieniu. Ciekawe jak b\u0119dzie wygl\u0105da\u0142o ich\u00a0 spotkanie&#8230;<\/p>\n<p><a href=\"http:\/\/dzika-zagroda.pl\/wp-content\/uploads\/2014\/07\/MG_0328.jpg\" data-slb-group=\"270\" data-slb-active=\"1\" data-slb-internal=\"0\"><img decoding=\"async\" loading=\"lazy\" class=\"alignnone size-thumbnail wp-image-271\" alt=\"_MG_0328\" src=\"http:\/\/dzika-zagroda.pl\/wp-content\/uploads\/2014\/07\/MG_0328-210x170.jpg\" width=\"210\" height=\"170\" \/><\/a> <a href=\"http:\/\/dzika-zagroda.pl\/wp-content\/uploads\/2014\/07\/MG_0330.jpg\" data-slb-group=\"270\" data-slb-active=\"1\" data-slb-internal=\"0\"><img decoding=\"async\" loading=\"lazy\" class=\"alignnone size-thumbnail wp-image-272\" alt=\"_MG_0330\" src=\"http:\/\/dzika-zagroda.pl\/wp-content\/uploads\/2014\/07\/MG_0330-210x170.jpg\" width=\"210\" height=\"170\" \/><\/a> <a href=\"http:\/\/dzika-zagroda.pl\/wp-content\/uploads\/2014\/07\/MG_0350.jpg\" data-slb-group=\"270\" data-slb-active=\"1\" data-slb-internal=\"0\"><img decoding=\"async\" loading=\"lazy\" class=\"alignnone size-thumbnail wp-image-273\" alt=\"_MG_0350\" src=\"http:\/\/dzika-zagroda.pl\/wp-content\/uploads\/2014\/07\/MG_0350-210x170.jpg\" width=\"210\" height=\"170\" \/><\/a> <a href=\"http:\/\/dzika-zagroda.pl\/wp-content\/uploads\/2014\/07\/MG_0326.jpg\" data-slb-group=\"270\" data-slb-active=\"1\" data-slb-internal=\"0\"><img decoding=\"async\" loading=\"lazy\" class=\"alignnone size-thumbnail wp-image-274\" alt=\"_MG_0326\" src=\"http:\/\/dzika-zagroda.pl\/wp-content\/uploads\/2014\/07\/MG_0326-210x170.jpg\" width=\"210\" height=\"170\" \/><\/a><\/p>\n","protected":false},"excerpt":{"rendered":"<p>W wolnym stadzie \u017cubr\u00f3w bytuj\u0105cym na terenie Poligonu Drawskiego pojawi\u0142 si\u0119 byk stadny, kt\u00f3rego zwabi\u0142a ruja \u017cubrzyc. Byk ten o imieniu\u00a0Pierwszy przyjecha\u0142\u00a0 w 2008 roku do zagrody aklimatyzacyjnej w Dobrzanach w wieku 3,5 lat. W tej chwili liczy sobie ju\u017c 9,5 roku i wa\u017cy oko\u0142o 850 kg. Byk ten od samego pocz\u0105tku jest bykiem stadnym, [&hellip;]<\/p>\n","protected":false},"author":1,"featured_media":0,"comment_status":"open","ping_status":"open","sticky":false,"template":"","format":"standard","meta":[],"categories":[1],"tags":[],"_links":{"self":[{"href":"http:\/\/dzika-zagroda.pl\/index.php?rest_route=\/wp\/v2\/posts\/270"}],"collection":[{"href":"http:\/\/dzika-zagroda.pl\/index.php?rest_route=\/wp\/v2\/posts"}],"about":[{"href":"http:\/\/dzika-zagroda.pl\/index.php?rest_route=\/wp\/v2\/types\/post"}],"author":[{"embeddable":true,"href":"http:\/\/dzika-zagroda.pl\/index.php?rest_route=\/wp\/v2\/users\/1"}],"replies":[{"embeddable":true,"href":"http:\/\/dzika-zagroda.pl\/index.php?rest_route=%2Fwp%2Fv2%2Fcomments&post=270"}],"version-history":[{"count":2,"href":"http:\/\/dzika-zagroda.pl\/index.php?rest_route=\/wp\/v2\/posts\/270\/revisions"}],"predecessor-version":[{"id":276,"href":"http:\/\/dzika-zagroda.pl\/index.php?rest_route=\/wp\/v2\/posts\/270\/revisions\/276"}],"wp:attachment":[{"href":"http:\/\/dzika-zagroda.pl\/index.php?rest_route=%2Fwp%2Fv2%2Fmedia&parent=270"}],"wp:term":[{"taxonomy":"category","embeddable":true,"href":"http:\/\/dzika-zagroda.pl\/index.php?rest_route=%2Fwp%2Fv2%2Fcategories&post=270"},{"taxonomy":"post_tag","embeddable":true,"href":"http:\/\/dzika-zagroda.pl\/index.php?rest_route=%2Fwp%2Fv2%2Ftags&post=270"}],"curies":[{"name":"wp","href":"https:\/\/api.w.org\/{rel}","templated":true}]}}