{"id":86,"date":"2014-04-02T20:23:34","date_gmt":"2014-04-02T18:23:34","guid":{"rendered":"http:\/\/dzika-zagroda.pl\/?p=86"},"modified":"2014-05-21T16:43:22","modified_gmt":"2014-05-21T14:43:22","slug":"przywitanie-zubrow","status":"publish","type":"post","link":"http:\/\/dzika-zagroda.pl\/?p=86","title":{"rendered":"Przywitanie \u017cubr\u00f3w"},"content":{"rendered":"<p><!--:PL-->Dzie\u0144 po przyje\u017adzie pierwszych \u017cubr\u00f3w, tj. 28-03-2014 r. szacowne grono go\u015bci przywita\u0142o je na nowym miejscu w Dzikiej Zagrodzie w Jab\u0142onowie. Pose\u0142 Pawe\u0142 Suski, marsza\u0142ek Olgierd Geblewicz, wicemarsza\u0142ek Andrzej Jakubowski, starosta wa\u0142ecki Bogdan Wankiewicz,\u00a0rektor Uniwersytetu Szczeci\u0144skiego prof. Edward W\u0142odarczyk\u00a0wraz z innymi go\u015b\u0107mi i licznym gronem dziennikarzy\u00a0zwiedzili prawie zako\u0144czone obiekty kompleksu obs\u0142ugi \u017cubr\u00f3w i s\u0142uchaj\u0105c \u017cubrowych opowie\u015bci prof. Wandy Olech, merytorycznego opiekuna naszych \u017cubrowych dzia\u0142a\u0144, ogl\u0105dali zwierz\u0119ta hasaj\u0105ce po \u0142\u0105kach\u00a0najwi\u0119kszej 6-cio hektarowej kwatery pastwiskowej dla \u017cubr\u00f3w.\u00a0 Wsp\u00f3lnie z Piotrem Pawlikiem, burmistrzem Miros\u0142awca zachwalali\u015bmy \u017cubrowe\u00a0walory regionu.<\/p>\n<p><a href=\"http:\/\/dzika-zagroda.pl\/wp-content\/uploads\/2014\/04\/IMG_8339.jpg\" data-slb-group=\"86\" data-slb-active=\"1\" data-slb-internal=\"0\"><img decoding=\"async\" loading=\"lazy\" class=\"alignnone size-medium wp-image-90\" alt=\"IMG_8339\" src=\"http:\/\/dzika-zagroda.pl\/wp-content\/uploads\/2014\/04\/IMG_8339-300x200.jpg\" width=\"300\" height=\"200\" srcset=\"http:\/\/dzika-zagroda.pl\/wp-content\/uploads\/2014\/04\/IMG_8339-300x200.jpg 300w, http:\/\/dzika-zagroda.pl\/wp-content\/uploads\/2014\/04\/IMG_8339-1024x682.jpg 1024w\" sizes=\"(max-width: 300px) 100vw, 300px\" \/><\/a><a href=\"http:\/\/dzika-zagroda.pl\/wp-content\/uploads\/2014\/04\/IMG_8220.jpg\" data-slb-group=\"86\" data-slb-active=\"1\" data-slb-internal=\"0\"><img decoding=\"async\" loading=\"lazy\" class=\"alignnone size-medium wp-image-89\" alt=\"IMG_8220\" src=\"http:\/\/dzika-zagroda.pl\/wp-content\/uploads\/2014\/04\/IMG_8220-300x200.jpg\" width=\"300\" height=\"200\" srcset=\"http:\/\/dzika-zagroda.pl\/wp-content\/uploads\/2014\/04\/IMG_8220-300x200.jpg 300w, http:\/\/dzika-zagroda.pl\/wp-content\/uploads\/2014\/04\/IMG_8220-1024x682.jpg 1024w\" sizes=\"(max-width: 300px) 100vw, 300px\" \/><\/a><a href=\"http:\/\/dzika-zagroda.pl\/wp-content\/uploads\/2014\/04\/IMG_7941.jpg\" data-slb-group=\"86\" data-slb-active=\"1\" data-slb-internal=\"0\"><img decoding=\"async\" loading=\"lazy\" class=\"alignnone size-medium wp-image-88\" alt=\"IMG_7941\" src=\"http:\/\/dzika-zagroda.pl\/wp-content\/uploads\/2014\/04\/IMG_7941-300x200.jpg\" width=\"300\" height=\"200\" srcset=\"http:\/\/dzika-zagroda.pl\/wp-content\/uploads\/2014\/04\/IMG_7941-300x200.jpg 300w, http:\/\/dzika-zagroda.pl\/wp-content\/uploads\/2014\/04\/IMG_7941-1024x682.jpg 1024w\" sizes=\"(max-width: 300px) 100vw, 300px\" \/><\/a><a href=\"http:\/\/dzika-zagroda.pl\/wp-content\/uploads\/2014\/04\/IMG_7937.jpg\" data-slb-group=\"86\" data-slb-active=\"1\" data-slb-internal=\"0\"><img decoding=\"async\" loading=\"lazy\" class=\"alignnone size-medium wp-image-87\" alt=\"IMG_7937\" src=\"http:\/\/dzika-zagroda.pl\/wp-content\/uploads\/2014\/04\/IMG_7937-300x200.jpg\" width=\"300\" height=\"200\" srcset=\"http:\/\/dzika-zagroda.pl\/wp-content\/uploads\/2014\/04\/IMG_7937-300x200.jpg 300w, http:\/\/dzika-zagroda.pl\/wp-content\/uploads\/2014\/04\/IMG_7937-1024x682.jpg 1024w\" sizes=\"(max-width: 300px) 100vw, 300px\" \/><\/a><!--:--><\/p>\n","protected":false},"excerpt":{"rendered":"<p>Dzie\u0144 po przyje\u017adzie pierwszych \u017cubr\u00f3w, tj. 28-03-2014 r. szacowne grono go\u015bci przywita\u0142o je na nowym miejscu w Dzikiej Zagrodzie w Jab\u0142onowie. Pose\u0142 Pawe\u0142 Suski, marsza\u0142ek Olgierd Geblewicz, wicemarsza\u0142ek Andrzej Jakubowski, starosta wa\u0142ecki Bogdan Wankiewicz,\u00a0rektor Uniwersytetu Szczeci\u0144skiego prof. Edward W\u0142odarczyk\u00a0wraz z innymi go\u015b\u0107mi i licznym gronem dziennikarzy\u00a0zwiedzili prawie zako\u0144czone obiekty kompleksu obs\u0142ugi \u017cubr\u00f3w i s\u0142uchaj\u0105c \u017cubrowych [&hellip;]<\/p>\n","protected":false},"author":1,"featured_media":0,"comment_status":"open","ping_status":"open","sticky":false,"template":"","format":"standard","meta":[],"categories":[1],"tags":[],"_links":{"self":[{"href":"http:\/\/dzika-zagroda.pl\/index.php?rest_route=\/wp\/v2\/posts\/86"}],"collection":[{"href":"http:\/\/dzika-zagroda.pl\/index.php?rest_route=\/wp\/v2\/posts"}],"about":[{"href":"http:\/\/dzika-zagroda.pl\/index.php?rest_route=\/wp\/v2\/types\/post"}],"author":[{"embeddable":true,"href":"http:\/\/dzika-zagroda.pl\/index.php?rest_route=\/wp\/v2\/users\/1"}],"replies":[{"embeddable":true,"href":"http:\/\/dzika-zagroda.pl\/index.php?rest_route=%2Fwp%2Fv2%2Fcomments&post=86"}],"version-history":[{"count":4,"href":"http:\/\/dzika-zagroda.pl\/index.php?rest_route=\/wp\/v2\/posts\/86\/revisions"}],"predecessor-version":[{"id":118,"href":"http:\/\/dzika-zagroda.pl\/index.php?rest_route=\/wp\/v2\/posts\/86\/revisions\/118"}],"wp:attachment":[{"href":"http:\/\/dzika-zagroda.pl\/index.php?rest_route=%2Fwp%2Fv2%2Fmedia&parent=86"}],"wp:term":[{"taxonomy":"category","embeddable":true,"href":"http:\/\/dzika-zagroda.pl\/index.php?rest_route=%2Fwp%2Fv2%2Fcategories&post=86"},{"taxonomy":"post_tag","embeddable":true,"href":"http:\/\/dzika-zagroda.pl\/index.php?rest_route=%2Fwp%2Fv2%2Ftags&post=86"}],"curies":[{"name":"wp","href":"https:\/\/api.w.org\/{rel}","templated":true}]}}