{"id":230,"date":"2014-07-02T08:31:52","date_gmt":"2014-07-02T06:31:52","guid":{"rendered":"http:\/\/dzika-zagroda.pl\/?p=230"},"modified":"2014-07-02T08:31:52","modified_gmt":"2014-07-02T06:31:52","slug":"piknik-w-dzikiej-zagrodzie","status":"publish","type":"post","link":"https:\/\/dzika-zagroda.pl\/?p=230","title":{"rendered":"Piknik w Dzikiej Zagrodzie"},"content":{"rendered":"<p>W ubieg\u0142\u0105 niedziel\u0119, tj.29 czerwca, w Dzikiej Zagrodzie odby\u0142 si\u0119 piknik zorganizowany przez\u00a0Pomoc Mi\u0119dzynarodow\u0105 i Socjaln\u0105 przy Niemieckim Czerwonym Krzy\u017cu w Werne. Cz\u0142onkowie organizacji: Willi Klingbeil, Rita Hermann, Erika Beermann, Rainer Krebs, Sven Linker\u00a0przygotowywali wy\u015bmienite gofry oraz placki ziemniaczane. Doch\u00f3d z przek\u0105sek zosta\u0142 przeznaczony na \u017cubry w Dzikiej Zagrodzie \ud83d\ude42 Panie oraz Panowie z Niemieckiego Czerwonego Krzy\u017ca zapowiedzieli si\u0119 r\u00f3wnie\u017c na przysz\u0142y weekend. Zapraszamy wi\u0119c tych, kt\u00f3rzy nie mieli jeszcze okazji spr\u00f3bowa\u0107 przyrz\u0105dzonych przez nich gofr\u00f3w oraz plack\u00f3w ziemniaczanych oraz tych, kt\u00f3rym tak smakowa\u0142y ich przysmaki, \u017ce chc\u0105 ich posmakowa\u0107 jeszcze raz raz \ud83d\ude42<\/p>\n<p><a href=\"http:\/\/dzika-zagroda.pl\/wp-content\/uploads\/2014\/06\/IMG_9654.jpg\" data-slb-group=\"230\" data-slb-active=\"1\" data-slb-internal=\"0\"><img decoding=\"async\" loading=\"lazy\" class=\"alignnone size-thumbnail wp-image-231\" alt=\"IMG_9654\" src=\"http:\/\/dzika-zagroda.pl\/wp-content\/uploads\/2014\/06\/IMG_9654-210x170.jpg\" width=\"210\" height=\"170\" \/><\/a> <a href=\"http:\/\/dzika-zagroda.pl\/wp-content\/uploads\/2014\/06\/IMG_9655.jpg\" data-slb-group=\"230\" data-slb-active=\"1\" data-slb-internal=\"0\"><img decoding=\"async\" loading=\"lazy\" class=\"alignnone size-thumbnail wp-image-232\" alt=\"IMG_9655\" src=\"http:\/\/dzika-zagroda.pl\/wp-content\/uploads\/2014\/06\/IMG_9655-210x170.jpg\" width=\"210\" height=\"170\" \/><\/a> <a href=\"http:\/\/dzika-zagroda.pl\/wp-content\/uploads\/2014\/06\/IMG_9658.jpg\" data-slb-group=\"230\" data-slb-active=\"1\" data-slb-internal=\"0\"><img decoding=\"async\" loading=\"lazy\" class=\"alignnone size-thumbnail wp-image-233\" alt=\"IMG_9658\" src=\"http:\/\/dzika-zagroda.pl\/wp-content\/uploads\/2014\/06\/IMG_9658-210x170.jpg\" width=\"210\" height=\"170\" \/><\/a> <a href=\"http:\/\/dzika-zagroda.pl\/wp-content\/uploads\/2014\/06\/IMG_9659.jpg\" data-slb-group=\"230\" data-slb-active=\"1\" data-slb-internal=\"0\"><img decoding=\"async\" loading=\"lazy\" class=\"alignnone size-thumbnail wp-image-234\" alt=\"IMG_9659\" src=\"http:\/\/dzika-zagroda.pl\/wp-content\/uploads\/2014\/06\/IMG_9659-210x170.jpg\" width=\"210\" height=\"170\" \/><\/a> <a href=\"http:\/\/dzika-zagroda.pl\/wp-content\/uploads\/2014\/06\/IMG_9660.jpg\" data-slb-group=\"230\" data-slb-active=\"1\" data-slb-internal=\"0\"><img decoding=\"async\" loading=\"lazy\" class=\"alignnone size-thumbnail wp-image-235\" alt=\"IMG_9660\" src=\"http:\/\/dzika-zagroda.pl\/wp-content\/uploads\/2014\/06\/IMG_9660-210x170.jpg\" width=\"210\" height=\"170\" \/><\/a> <a href=\"http:\/\/dzika-zagroda.pl\/wp-content\/uploads\/2014\/06\/IMG_9662.jpg\" data-slb-group=\"230\" data-slb-active=\"1\" data-slb-internal=\"0\"><img decoding=\"async\" loading=\"lazy\" class=\"alignnone size-thumbnail wp-image-236\" alt=\"IMG_9662\" src=\"http:\/\/dzika-zagroda.pl\/wp-content\/uploads\/2014\/06\/IMG_9662-210x170.jpg\" width=\"210\" height=\"170\" \/><\/a> <a href=\"http:\/\/dzika-zagroda.pl\/wp-content\/uploads\/2014\/06\/IMG_9665.jpg\" data-slb-group=\"230\" data-slb-active=\"1\" data-slb-internal=\"0\"><img decoding=\"async\" loading=\"lazy\" class=\"alignnone size-thumbnail wp-image-237\" alt=\"IMG_9665\" src=\"http:\/\/dzika-zagroda.pl\/wp-content\/uploads\/2014\/06\/IMG_9665-210x170.jpg\" width=\"210\" height=\"170\" \/><\/a><\/p>\n","protected":false},"excerpt":{"rendered":"<p>W ubieg\u0142\u0105 niedziel\u0119, tj.29 czerwca, w Dzikiej Zagrodzie odby\u0142 si\u0119 piknik zorganizowany przez\u00a0Pomoc Mi\u0119dzynarodow\u0105 i Socjaln\u0105 przy Niemieckim Czerwonym Krzy\u017cu w Werne. Cz\u0142onkowie organizacji: Willi Klingbeil, Rita Hermann, Erika Beermann, Rainer Krebs, Sven Linker\u00a0przygotowywali wy\u015bmienite gofry oraz placki ziemniaczane. Doch\u00f3d z przek\u0105sek zosta\u0142 przeznaczony na \u017cubry w Dzikiej Zagrodzie \ud83d\ude42 Panie oraz Panowie z Niemieckiego [&hellip;]<\/p>\n","protected":false},"author":1,"featured_media":0,"comment_status":"open","ping_status":"open","sticky":false,"template":"","format":"standard","meta":[],"categories":[1],"tags":[],"_links":{"self":[{"href":"https:\/\/dzika-zagroda.pl\/index.php?rest_route=\/wp\/v2\/posts\/230"}],"collection":[{"href":"https:\/\/dzika-zagroda.pl\/index.php?rest_route=\/wp\/v2\/posts"}],"about":[{"href":"https:\/\/dzika-zagroda.pl\/index.php?rest_route=\/wp\/v2\/types\/post"}],"author":[{"embeddable":true,"href":"https:\/\/dzika-zagroda.pl\/index.php?rest_route=\/wp\/v2\/users\/1"}],"replies":[{"embeddable":true,"href":"https:\/\/dzika-zagroda.pl\/index.php?rest_route=%2Fwp%2Fv2%2Fcomments&post=230"}],"version-history":[{"count":4,"href":"https:\/\/dzika-zagroda.pl\/index.php?rest_route=\/wp\/v2\/posts\/230\/revisions"}],"predecessor-version":[{"id":242,"href":"https:\/\/dzika-zagroda.pl\/index.php?rest_route=\/wp\/v2\/posts\/230\/revisions\/242"}],"wp:attachment":[{"href":"https:\/\/dzika-zagroda.pl\/index.php?rest_route=%2Fwp%2Fv2%2Fmedia&parent=230"}],"wp:term":[{"taxonomy":"category","embeddable":true,"href":"https:\/\/dzika-zagroda.pl\/index.php?rest_route=%2Fwp%2Fv2%2Fcategories&post=230"},{"taxonomy":"post_tag","embeddable":true,"href":"https:\/\/dzika-zagroda.pl\/index.php?rest_route=%2Fwp%2Fv2%2Ftags&post=230"}],"curies":[{"name":"wp","href":"https:\/\/api.w.org\/{rel}","templated":true}]}}