{"id":243,"date":"2014-07-07T17:24:12","date_gmt":"2014-07-07T15:24:12","guid":{"rendered":"http:\/\/dzika-zagroda.pl\/?p=243"},"modified":"2014-07-07T17:24:12","modified_gmt":"2014-07-07T15:24:12","slug":"uroczyste-nadanie-imienia-pierwszemu-zubrzykowi-w-dzikiej-zagrodzie-gryfusiowi","status":"publish","type":"post","link":"https:\/\/dzika-zagroda.pl\/?p=243","title":{"rendered":"Uroczyste nadanie imienia pierwszemu \u017cubrzykowi w Dzikiej Zagrodzie &#8211; Gryfusiowi"},"content":{"rendered":"<p>Dnia 05-07-2014 r.\u00a0 odby\u0142a si\u0119 uroczysto\u015b\u0107 nadania imienia pierwszemu \u017cubrowi urodzonemu w Dzikiej Zagrodzie.\u00a0Ma\u0142y \u017cuberek otrzyma\u0142 imi\u0119 Gryfu\u015b. B\u0119dzie to imi\u0119 miejscowe i u\u017cytkowe, bo w Ksi\u0119dze Rodowodowej \u017bubr\u00f3w, ma\u0142y Gryfu\u015b b\u0119dzie musia\u0142 by\u0107 wpisany pod imieniem rozpoczynaj\u0105cym si\u0119 na &#8222;Po&#8221;, zgodnie z regu\u0142ami nazywania \u017cubr\u00f3w urodzonych w Polsce. \u015awiadkami nadania imienia naszemu podopiecznemu by\u0142a\u00a0pani Anna Mieczkowska &#8211; Cz\u0142onek Zarz\u0105du Wojew\u00f3dztwa Zachodniopomorskiego oraz Stanis\u0142aw Gaw\u0142owski &#8211; Wiceminister \u015arodowiska. Na uroczysto\u015bci obecni byli m.in. panowie:\u00a0 Pose\u0142 Pawe\u0142 Suski, Starosta Powiatu Wa\u0142eckiego Bogdan Wankiewicz, Burmistrz Gminy i Miasta Miros\u0142awiec Piotr Pawlik oraz proboszcz parafii pod wezwaniem Chrystusa Kr\u00f3la w Lubnie Tadeusz Winicki. Po uroczystym nadaniu imienia ksi\u0105dz po\u015bwi\u0119ci\u0142 obiekt i pomodli\u0142 si\u0119 za pracownik\u00f3w Zagrody. Przybyli go\u015bcie karmili nasze \u017cubry marchewkami i jab\u0142kami, co by\u0142o przyjemne i satysfakcjonuj\u0105ce dla obu stron. \u017bubry mia\u0142y pe\u0142ne brzuchy, a karmi\u0105cy wspania\u0142e prze\u017cycia. Gryfu\u015b jest jeszcze za ma\u0142y na marchewki i jab\u0142ka, jednak uwa\u017cnie przygl\u0105da\u0142 si\u0119 starszym \u017cubrom.<\/p>\n<p>Dzi\u0119kujemy wszystkim go\u015bciom za przybycie i zapraszamy do ponownych odwiedzin.<\/p>\n\n\t\t<style type=\"text\/css\">\n\t\t\t#gallery-1 {\n\t\t\t\tmargin: auto;\n\t\t\t}\n\t\t\t#gallery-1 .gallery-item {\n\t\t\t\tfloat: left;\n\t\t\t\tmargin-top: 10px;\n\t\t\t\ttext-align: center;\n\t\t\t\twidth: 33%;\n\t\t\t}\n\t\t\t#gallery-1 img {\n\t\t\t\tborder: 2px solid #cfcfcf;\n\t\t\t}\n\t\t\t#gallery-1 .gallery-caption {\n\t\t\t\tmargin-left: 0;\n\t\t\t}\n\t\t\t\/* see gallery_shortcode() in wp-includes\/media.php *\/\n\t\t<\/style>\n\t\t<div id='gallery-1' class='gallery galleryid-243 gallery-columns-3 gallery-size-thumbnail'><dl class='gallery-item'>\n\t\t\t<dt class='gallery-icon landscape'>\n\t\t\t\t<a href=\"https:\/\/dzika-zagroda.pl\/?attachment_id=246\" data-slb-group=\"243\" data-slb-active=\"1\" data-slb-internal=\"246\"><img width=\"210\" height=\"170\" src=\"https:\/\/dzika-zagroda.pl\/wp-content\/uploads\/2014\/07\/imie2-210x170.jpg\" class=\"attachment-thumbnail size-thumbnail\" alt=\"\" decoding=\"async\" loading=\"lazy\" \/><\/a>\n\t\t\t<\/dt><\/dl><dl class='gallery-item'>\n\t\t\t<dt class='gallery-icon landscape'>\n\t\t\t\t<a href=\"https:\/\/dzika-zagroda.pl\/?attachment_id=252\" data-slb-group=\"243\" data-slb-active=\"1\" data-slb-internal=\"252\"><img width=\"210\" height=\"170\" src=\"https:\/\/dzika-zagroda.pl\/wp-content\/uploads\/2014\/07\/imie8-210x170.jpg\" class=\"attachment-thumbnail size-thumbnail\" alt=\"\" decoding=\"async\" loading=\"lazy\" \/><\/a>\n\t\t\t<\/dt><\/dl><dl class='gallery-item'>\n\t\t\t<dt class='gallery-icon landscape'>\n\t\t\t\t<a href=\"https:\/\/dzika-zagroda.pl\/?attachment_id=250\" data-slb-group=\"243\" data-slb-active=\"1\" data-slb-internal=\"250\"><img width=\"210\" height=\"170\" src=\"https:\/\/dzika-zagroda.pl\/wp-content\/uploads\/2014\/07\/imie6-210x170.jpg\" class=\"attachment-thumbnail size-thumbnail\" alt=\"\" decoding=\"async\" loading=\"lazy\" \/><\/a>\n\t\t\t<\/dt><\/dl><br style=\"clear: both\" \/><dl class='gallery-item'>\n\t\t\t<dt class='gallery-icon portrait'>\n\t\t\t\t<a href=\"https:\/\/dzika-zagroda.pl\/?attachment_id=249\" data-slb-group=\"243\" data-slb-active=\"1\" data-slb-internal=\"249\"><img width=\"210\" height=\"170\" src=\"https:\/\/dzika-zagroda.pl\/wp-content\/uploads\/2014\/07\/imie5-210x170.jpg\" class=\"attachment-thumbnail size-thumbnail\" alt=\"\" decoding=\"async\" loading=\"lazy\" \/><\/a>\n\t\t\t<\/dt><\/dl><dl class='gallery-item'>\n\t\t\t<dt class='gallery-icon landscape'>\n\t\t\t\t<a href=\"https:\/\/dzika-zagroda.pl\/?attachment_id=248\" data-slb-group=\"243\" data-slb-active=\"1\" data-slb-internal=\"248\"><img width=\"210\" height=\"170\" src=\"https:\/\/dzika-zagroda.pl\/wp-content\/uploads\/2014\/07\/imie4-210x170.jpg\" class=\"attachment-thumbnail size-thumbnail\" alt=\"\" decoding=\"async\" loading=\"lazy\" \/><\/a>\n\t\t\t<\/dt><\/dl><dl class='gallery-item'>\n\t\t\t<dt class='gallery-icon portrait'>\n\t\t\t\t<a href=\"https:\/\/dzika-zagroda.pl\/?attachment_id=245\" data-slb-group=\"243\" data-slb-active=\"1\" data-slb-internal=\"245\"><img width=\"210\" height=\"170\" src=\"https:\/\/dzika-zagroda.pl\/wp-content\/uploads\/2014\/07\/imie1-210x170.jpg\" class=\"attachment-thumbnail size-thumbnail\" alt=\"\" decoding=\"async\" loading=\"lazy\" \/><\/a>\n\t\t\t<\/dt><\/dl><br style=\"clear: both\" \/>\n\t\t<\/div>\n\n","protected":false},"excerpt":{"rendered":"<p>Dnia 05-07-2014 r.\u00a0 odby\u0142a si\u0119 uroczysto\u015b\u0107 nadania imienia pierwszemu \u017cubrowi urodzonemu w Dzikiej Zagrodzie.\u00a0Ma\u0142y \u017cuberek otrzyma\u0142 imi\u0119 Gryfu\u015b. B\u0119dzie to imi\u0119 miejscowe i u\u017cytkowe, bo w Ksi\u0119dze Rodowodowej \u017bubr\u00f3w, ma\u0142y Gryfu\u015b b\u0119dzie musia\u0142 by\u0107 wpisany pod imieniem rozpoczynaj\u0105cym si\u0119 na &#8222;Po&#8221;, zgodnie z regu\u0142ami nazywania \u017cubr\u00f3w urodzonych w Polsce. \u015awiadkami nadania imienia naszemu podopiecznemu by\u0142a\u00a0pani [&hellip;]<\/p>\n","protected":false},"author":1,"featured_media":0,"comment_status":"open","ping_status":"open","sticky":false,"template":"","format":"standard","meta":[],"categories":[1],"tags":[],"_links":{"self":[{"href":"https:\/\/dzika-zagroda.pl\/index.php?rest_route=\/wp\/v2\/posts\/243"}],"collection":[{"href":"https:\/\/dzika-zagroda.pl\/index.php?rest_route=\/wp\/v2\/posts"}],"about":[{"href":"https:\/\/dzika-zagroda.pl\/index.php?rest_route=\/wp\/v2\/types\/post"}],"author":[{"embeddable":true,"href":"https:\/\/dzika-zagroda.pl\/index.php?rest_route=\/wp\/v2\/users\/1"}],"replies":[{"embeddable":true,"href":"https:\/\/dzika-zagroda.pl\/index.php?rest_route=%2Fwp%2Fv2%2Fcomments&post=243"}],"version-history":[{"count":3,"href":"https:\/\/dzika-zagroda.pl\/index.php?rest_route=\/wp\/v2\/posts\/243\/revisions"}],"predecessor-version":[{"id":254,"href":"https:\/\/dzika-zagroda.pl\/index.php?rest_route=\/wp\/v2\/posts\/243\/revisions\/254"}],"wp:attachment":[{"href":"https:\/\/dzika-zagroda.pl\/index.php?rest_route=%2Fwp%2Fv2%2Fmedia&parent=243"}],"wp:term":[{"taxonomy":"category","embeddable":true,"href":"https:\/\/dzika-zagroda.pl\/index.php?rest_route=%2Fwp%2Fv2%2Fcategories&post=243"},{"taxonomy":"post_tag","embeddable":true,"href":"https:\/\/dzika-zagroda.pl\/index.php?rest_route=%2Fwp%2Fv2%2Ftags&post=243"}],"curies":[{"name":"wp","href":"https:\/\/api.w.org\/{rel}","templated":true}]}}