{"id":4215,"date":"2022-02-15T12:20:56","date_gmt":"2022-02-15T11:20:56","guid":{"rendered":"http:\/\/dzika-zagroda.pl\/?p=4215"},"modified":"2022-02-15T12:20:56","modified_gmt":"2022-02-15T11:20:56","slug":"nowi-opiekunowie","status":"publish","type":"post","link":"https:\/\/dzika-zagroda.pl\/?p=4215","title":{"rendered":"Nowi opiekunowie :)"},"content":{"rendered":"<p>Idzie wiosna, dni s\u0105 coraz cieplejsze i d\u0142u\u017csze. Up\u0142ywaj\u0105cy czas wida\u0107 doskonale po naszych cielakach ? rosn\u0105 jak na dro\u017cd\u017cach! S\u0105 ju\u017c na tyle du\u017ce, \u017ce ci\u0119\u017cko je rozr\u00f3\u017cni\u0107, ale jedna z nich zdecydowanie si\u0119 odznacza. Chodzi o najm\u0142odsz\u0105 &#8211; pociech\u0119 Mr\u00f3wki. Urodzi\u0142a si\u0119 bardzo p\u00f3\u017ano, dok\u0142adnie 15 listopada i by\u0142o to dla nas wielkie zaskoczenie, gdy\u017c okres wyciele\u0144 u \u017cubr\u00f3w przypada na miesi\u0105ce maj-lipiec. Zdarzaj\u0105 si\u0119 urodzenia tak p\u00f3\u017ane jak listopadowe i grudniowe, jednak to rzadko\u015b\u0107. Tym bardziej, \u017ce po Mr\u00f3wce nie by\u0142o jednoznacznie wida\u0107 oznak ci\u0105\u017cy. Okaza\u0142o si\u0119, \u017ce cielak Mr\u00f3wki to kr\u00f3wka.<\/p>\n<p>Lokalna firma ?ATF Polska sp. z o.o. sp.k.? wzi\u0119\u0142a pod opiek\u0119 m\u0142od\u0105 \u017cubrzyc\u0119. Opiekunowie og\u0142osili konkurs na imi\u0119 dla kr\u00f3wki ? serdecznie zapraszamy do udzia\u0142u! (<a href=\"https:\/\/www.facebook.com\/ATFPolska\/posts\/3081411108767431\">https:\/\/www.facebook.com\/ATFPolska\/posts\/3081411108767431<\/a>)<\/p>\n<p>W ten spos\u00f3b rozpocz\u0119\u0142a si\u0119 wsp\u00f3\u0142praca pomi\u0119dzy firm\u0105 ATF i prowadzon\u0105 przez Zachodniopomorskie Towarzystwo Przyrodnicze ?Dzik\u0105 Zagrod\u0105?.<\/p>\n<p>Razem z naszymi podopiecznymi bardzo cieszymy si\u0119 z nawi\u0105zanej wsp\u00f3\u0142pracy.<\/p>\n\n\t\t<style type=\"text\/css\">\n\t\t\t#gallery-1 {\n\t\t\t\tmargin: auto;\n\t\t\t}\n\t\t\t#gallery-1 .gallery-item {\n\t\t\t\tfloat: left;\n\t\t\t\tmargin-top: 10px;\n\t\t\t\ttext-align: center;\n\t\t\t\twidth: 33%;\n\t\t\t}\n\t\t\t#gallery-1 img {\n\t\t\t\tborder: 2px solid #cfcfcf;\n\t\t\t}\n\t\t\t#gallery-1 .gallery-caption {\n\t\t\t\tmargin-left: 0;\n\t\t\t}\n\t\t\t\/* see gallery_shortcode() in wp-includes\/media.php *\/\n\t\t<\/style>\n\t\t<div id='gallery-1' class='gallery galleryid-4215 gallery-columns-3 gallery-size-thumbnail'><dl class='gallery-item'>\n\t\t\t<dt class='gallery-icon landscape'>\n\t\t\t\t<a href=\"https:\/\/dzika-zagroda.pl\/?attachment_id=4216\" data-slb-group=\"4215\" data-slb-active=\"1\" data-slb-internal=\"4216\"><img width=\"210\" height=\"170\" src=\"https:\/\/dzika-zagroda.pl\/wp-content\/uploads\/2022\/02\/273927801_675318590162289_4717071149930838103_n-210x170.jpg\" class=\"attachment-thumbnail size-thumbnail\" alt=\"\" decoding=\"async\" loading=\"lazy\" \/><\/a>\n\t\t\t<\/dt><\/dl><dl class='gallery-item'>\n\t\t\t<dt class='gallery-icon landscape'>\n\t\t\t\t<a href=\"https:\/\/dzika-zagroda.pl\/?attachment_id=4217\" data-slb-group=\"4215\" data-slb-active=\"1\" data-slb-internal=\"4217\"><img width=\"210\" height=\"170\" src=\"https:\/\/dzika-zagroda.pl\/wp-content\/uploads\/2022\/02\/JAC61700-210x170.jpg\" class=\"attachment-thumbnail size-thumbnail\" alt=\"\" decoding=\"async\" loading=\"lazy\" \/><\/a>\n\t\t\t<\/dt><\/dl>\n\t\t\t<br style='clear: both' \/>\n\t\t<\/div>\n\n<p>&nbsp;<\/p>\n","protected":false},"excerpt":{"rendered":"<p>Idzie wiosna, dni s\u0105 coraz cieplejsze i d\u0142u\u017csze. Up\u0142ywaj\u0105cy czas wida\u0107 doskonale po naszych cielakach ? rosn\u0105 jak na dro\u017cd\u017cach! S\u0105 ju\u017c na tyle du\u017ce, \u017ce ci\u0119\u017cko je rozr\u00f3\u017cni\u0107, ale jedna z nich zdecydowanie si\u0119 odznacza. Chodzi o najm\u0142odsz\u0105 &#8211; pociech\u0119 Mr\u00f3wki. Urodzi\u0142a si\u0119 bardzo p\u00f3\u017ano, dok\u0142adnie 15 listopada i by\u0142o to dla nas wielkie [&hellip;]<\/p>\n","protected":false},"author":1,"featured_media":0,"comment_status":"open","ping_status":"open","sticky":false,"template":"","format":"standard","meta":[],"categories":[1],"tags":[],"_links":{"self":[{"href":"https:\/\/dzika-zagroda.pl\/index.php?rest_route=\/wp\/v2\/posts\/4215"}],"collection":[{"href":"https:\/\/dzika-zagroda.pl\/index.php?rest_route=\/wp\/v2\/posts"}],"about":[{"href":"https:\/\/dzika-zagroda.pl\/index.php?rest_route=\/wp\/v2\/types\/post"}],"author":[{"embeddable":true,"href":"https:\/\/dzika-zagroda.pl\/index.php?rest_route=\/wp\/v2\/users\/1"}],"replies":[{"embeddable":true,"href":"https:\/\/dzika-zagroda.pl\/index.php?rest_route=%2Fwp%2Fv2%2Fcomments&post=4215"}],"version-history":[{"count":2,"href":"https:\/\/dzika-zagroda.pl\/index.php?rest_route=\/wp\/v2\/posts\/4215\/revisions"}],"predecessor-version":[{"id":4219,"href":"https:\/\/dzika-zagroda.pl\/index.php?rest_route=\/wp\/v2\/posts\/4215\/revisions\/4219"}],"wp:attachment":[{"href":"https:\/\/dzika-zagroda.pl\/index.php?rest_route=%2Fwp%2Fv2%2Fmedia&parent=4215"}],"wp:term":[{"taxonomy":"category","embeddable":true,"href":"https:\/\/dzika-zagroda.pl\/index.php?rest_route=%2Fwp%2Fv2%2Fcategories&post=4215"},{"taxonomy":"post_tag","embeddable":true,"href":"https:\/\/dzika-zagroda.pl\/index.php?rest_route=%2Fwp%2Fv2%2Ftags&post=4215"}],"curies":[{"name":"wp","href":"https:\/\/api.w.org\/{rel}","templated":true}]}}